{"id":3700,"date":"2024-07-01T13:45:38","date_gmt":"2024-07-01T16:45:38","guid":{"rendered":"https:\/\/carbonatech.com.br\/?p=3700"},"modified":"2024-08-12T17:22:57","modified_gmt":"2024-08-12T20:22:57","slug":"embalagens-plasticas-banidas-salvador-e-ue-abracam-a-sustentabilidade","status":"publish","type":"post","link":"https:\/\/carbonatech.com.br\/fr\/embalagens-plasticas-banidas-salvador-e-ue-abracam-a-sustentabilidade\/","title":{"rendered":"Embalagens Pl\u00e1sticas Banidas: Salvador e UE Abra\u00e7am a Sustentabilidade"},"content":{"rendered":"<p>Em um mundo cada vez mais consciente da necessidade de preservar o meio ambiente, a busca por alternativas sustent\u00e1veis est\u00e1 em ascens\u00e3o. Uma das \u00e1reas em que essa mudan\u00e7a \u00e9 mais urgente \u00e9 a redu\u00e7\u00e3o do uso de pl\u00e1stico descart\u00e1vel. Tanto a cidade de Salvador, no Brasil, quanto a <a href=\"https:\/\/european-union.europa.eu\/index_pt\" data-type=\"link\" data-id=\"https:\/\/european-union.europa.eu\/index_pt\" target=\"_blank\" rel=\"noopener\">Uni\u00e3o Europeia<\/a> (UE) est\u00e3o tomando medidas para proibir embalagens pl\u00e1sticas de uso \u00fanico.<br><br>Salvador, conhecida por sua cultura vibrante e praias deslumbrantes, est\u00e1 liderando o caminho ao considerar a proibi\u00e7\u00e3o das embalagens pl\u00e1sticas de \u00e1gua mineral. A UE tamb\u00e9m est\u00e1 tomando medidas para banir pl\u00e1sticos de uso \u00fanico, incluindo copos, talheres e canudos. Nesse cen\u00e1rio, as latas de alum\u00ednio emergem como uma solu\u00e7\u00e3o promissora.<br><br>As latas de alum\u00ednio s\u00e3o altamente recicl\u00e1veis. O processo de reciclagem do alum\u00ednio consome apenas cerca de 5% da energia necess\u00e1ria para produzir alum\u00ednio virgem. Isso significa que as latas podem ser recicladas repetidamente sem perder qualidade. Al\u00e9m disso, o alum\u00ednio \u00e9 um material de ciclo fechado, o que significa que ele pode ser reciclado infinitamente sem degrada\u00e7\u00e3o. Ao contr\u00e1rio do pl\u00e1stico, que se degrada a cada reciclagem, o alum\u00ednio mant\u00e9m suas propriedades originais.<br><br>A produ\u00e7\u00e3o de alum\u00ednio reciclado emite significativamente menos carbono do que a produ\u00e7\u00e3o de alum\u00ednio virgem. Ao optar por latas de alum\u00ednio, estamos contribuindo para a redu\u00e7\u00e3o das emiss\u00f5es de gases de efeito estufa. Al\u00e9m disso, as latas de alum\u00ednio s\u00e3o resistentes e dur\u00e1veis. Elas protegem o conte\u00fado (como \u00e1gua mineral) de luz, ar e umidade, mantendo-o fresco e seguro para consumo.<br><br>Al\u00e9m disso, o envase de bebidas em latas de alum\u00ednio est\u00e1 se tornando rapidamente o futuro do mercado de bebidas, n\u00e3o apenas por sua sustentabilidade, mas tamb\u00e9m por sua praticidade e conveni\u00eancia. As latas s\u00e3o leves, f\u00e1ceis de transportar e armazenar, tornando-as ideais para consumidores em movimento. Al\u00e9m disso, sua superf\u00edcie lisa e plana proporciona uma excelente \u00e1rea para impress\u00e3o, possibilitando a cria\u00e7\u00e3o de designs atrativos que se destacam nas prateleiras dos supermercados. Com a demanda crescente por op\u00e7\u00f5es de embalagem mais ecol\u00f3gicas e eficientes, as latas de alum\u00ednio est\u00e3o se consolidando como a escolha preferida tanto dos fabricantes quanto dos consumidores conscientes. Ao adotar o envase em latas, as empresas podem n\u00e3o apenas atender \u00e0s demandas do mercado atual, mas tamb\u00e9m posicionar suas marcas como l\u00edderes em sustentabilidade, atraindo assim um p\u00fablico cada vez mais preocupado com o meio ambiente.<br><br>Em suma, a proibi\u00e7\u00e3o das embalagens pl\u00e1sticas de uso \u00fanico em <a href=\"https:\/\/salvador.ba.gov.br\/\" data-type=\"link\" data-id=\"https:\/\/salvador.ba.gov.br\/\" target=\"_blank\" rel=\"noopener\">Salvador<\/a> e na Uni\u00e3o Europeia reflete um movimento global em dire\u00e7\u00e3o \u00e0 sustentabilidade. O surgimento das latas de alum\u00ednio como uma alternativa vi\u00e1vel n\u00e3o apenas responde a essa necessidade urgente, mas tamb\u00e9m oferece uma s\u00e9rie de benef\u00edcios, desde a redu\u00e7\u00e3o das emiss\u00f5es de carbono at\u00e9 a praticidade para os consumidores. Ao abra\u00e7ar o envase de bebidas em latas, as empresas n\u00e3o apenas se alinham com as regulamenta\u00e7\u00f5es ambientais em evolu\u00e7\u00e3o, mas tamb\u00e9m t\u00eam a oportunidade de se destacar como l\u00edderes em responsabilidade corporativa e atrair uma base de consumidores cada vez mais consciente e comprometida com a preserva\u00e7\u00e3o do planeta.<br><br><br><\/p>","protected":false},"excerpt":{"rendered":"<p>A proibi\u00e7\u00e3o de embalagens pl\u00e1sticas de uso \u00fanico est\u00e1 ganhando for\u00e7a em Salvador e na Uni\u00e3o Europeia, refletindo uma tend\u00eancia global em dire\u00e7\u00e3o \u00e0 sustentabilidade. Neste contexto, as latas de alum\u00ednio emergem como uma alternativa ecol\u00f3gica superior, oferecendo benef\u00edcios como alta reciclabilidade, redu\u00e7\u00e3o de emiss\u00f5es de carbono e durabilidade. O envase em latas de alum\u00ednio n\u00e3o apenas atende \u00e0s exig\u00eancias ambientais, mas tamb\u00e9m posiciona marcas como l\u00edderes em responsabilidade corporativa, atraindo consumidores conscientes. Este movimento sustent\u00e1vel \u00e9 crucial para a preserva\u00e7\u00e3o ambiental e se alinha \u00e0s crescentes demandas por pr\u00e1ticas empresariais verdes.<\/p>","protected":false},"author":3,"featured_media":3704,"comment_status":"closed","ping_status":"closed","sticky":false,"template":"","format":"standard","meta":{"footnotes":""},"categories":[20],"tags":[44,74,73],"class_list":["post-3700","post","type-post","status-publish","format-standard","has-post-thumbnail","hentry","category-blog","tag-envase-de-latas","tag-lata","tag-sustentabilidade"],"_links":{"self":[{"href":"https:\/\/carbonatech.com.br\/fr\/wp-json\/wp\/v2\/posts\/3700","targetHints":{"allow":["GET"]}}],"collection":[{"href":"https:\/\/carbonatech.com.br\/fr\/wp-json\/wp\/v2\/posts"}],"about":[{"href":"https:\/\/carbonatech.com.br\/fr\/wp-json\/wp\/v2\/types\/post"}],"author":[{"embeddable":true,"href":"https:\/\/carbonatech.com.br\/fr\/wp-json\/wp\/v2\/users\/3"}],"replies":[{"embeddable":true,"href":"https:\/\/carbonatech.com.br\/fr\/wp-json\/wp\/v2\/comments?post=3700"}],"version-history":[{"count":5,"href":"https:\/\/carbonatech.com.br\/fr\/wp-json\/wp\/v2\/posts\/3700\/revisions"}],"predecessor-version":[{"id":3759,"href":"https:\/\/carbonatech.com.br\/fr\/wp-json\/wp\/v2\/posts\/3700\/revisions\/3759"}],"wp:featuredmedia":[{"embeddable":true,"href":"https:\/\/carbonatech.com.br\/fr\/wp-json\/wp\/v2\/media\/3704"}],"wp:attachment":[{"href":"https:\/\/carbonatech.com.br\/fr\/wp-json\/wp\/v2\/media?parent=3700"}],"wp:term":[{"taxonomy":"category","embeddable":true,"href":"https:\/\/carbonatech.com.br\/fr\/wp-json\/wp\/v2\/categories?post=3700"},{"taxonomy":"post_tag","embeddable":true,"href":"https:\/\/carbonatech.com.br\/fr\/wp-json\/wp\/v2\/tags?post=3700"}],"curies":[{"name":"wp","href":"https:\/\/api.w.org\/{rel}","templated":true}]}}